{"id":47586,"date":"2026-04-20T11:00:07","date_gmt":"2026-04-20T11:00:07","guid":{"rendered":"https:\/\/daisyhomesalanya.com\/?p=47586"},"modified":"2026-04-21T18:33:08","modified_gmt":"2026-04-21T18:33:08","slug":"alanyas-new-stage-for-sports-bioderma-pro-beach-tour","status":"publish","type":"post","link":"https:\/\/daisyhomesalanya.com\/tr\/alanya\/about-alanya\/alanyas-new-stage-for-sports-bioderma-pro-beach-tour\/","title":{"rendered":"Alanya\u2019da Sporun Yeni Sahnesi: Bioderma Pro Beach Tour"},"content":{"rendered":"<p><\/p>\n<div style=\"font-family: 'Segoe UI', Roboto, Helvetica, Arial, sans-serif;max-width: 900px;margin: auto;color: #1f1f1f;line-height: 1.8;border: 2px solid #2980b9;padding: 40px;border-radius: 20px;background-color: #ffffff\">\n<p><!-- BA\u015eLIK --><\/p>\n<div style=\"text-align: center;border-bottom: 3px double #2980b9;padding-bottom: 25px;margin-bottom: 35px\">\n<h1 style=\"color: #2c3e50;margin-bottom: 10px;font-size: 30px;font-weight: 800\">Alanya\u2019da Sporun Yeni Sahnesi: Bioderma Pro Beach Tour<\/h1>\n<p style=\"background: #eef6fb;color: #21618c;padding: 10px 25px;border-radius: 50px;font-size: 16px;font-weight: bold;border: 1px solid #aed6f1\">&#x1f3d0; 17\u201319 N\u0130SAN 2026 \u2022 ULUSLARARASI PLAJ VOLEYBOLU TURNUVASI<\/p>\n<\/div>\n<p>Alanya son y\u0131llarda sadece turizmde de\u011fil, spor alan\u0131nda da ciddi bir d\u00f6n\u00fc\u015f\u00fcm ya\u015f\u0131yor.<br \/>\nBu d\u00f6n\u00fc\u015f\u00fcm\u00fcn merkezinde ise <strong>Alanya Uluslararas\u0131 Plaj Sporlar\u0131 Merkezi<\/strong> yer al\u0131yor.<\/p>\n<p>2025 y\u0131l\u0131nda Euro d\u00fczeyindeki organizasyonlara ev sahipli\u011fi yapabilecek \u015fekilde kurulan bu tesis, k\u0131sa s\u00fcrede sadece T\u00fcrkiye\u2019nin de\u011fil, Avrupa\u2019n\u0131n dikkatini \u00e7eken bir merkez haline geldi.<\/p>\n<p>&#x1f449; Hatta 9\u201311 Haziran 2026 tarihlerinde \u0130svi\u00e7re\u2019den gelecek bir heyet taraf\u0131ndan merkezin<br \/>\n<strong>\u201cM\u00fckemmeliyet Merkezi\u201d unvan\u0131na aday g\u00f6sterilmesi<\/strong> bekleniyor.<\/p>\n<p>Bu detay tek ba\u015f\u0131na bile \u015funu g\u00f6steriyor:<br \/>\n<strong>Alanya art\u0131k sadece organizasyon yapan de\u011fil, standart belirleyen bir \u015fehir haline geliyor.<\/strong><\/p>\n<hr \/>\n<p>Bu vizyonun sahadaki en net kar\u015f\u0131l\u0131\u011f\u0131 ise<br \/>\n<strong>17\u201319 Nisan 2026 tarihlerinde d\u00fczenlenen Bioderma Pro Beach Tour Alanya Etab\u0131<\/strong> oldu.<\/p>\n<p>T\u00fcrkiye Voleybol Federasyonu ve Alanya Belediyesi i\u015f birli\u011fiyle ger\u00e7ekle\u015ftirilen bu organizasyon,<br \/>\n<strong>Grand Slam seviyesinde sezonun a\u00e7\u0131l\u0131\u015f turnuvalar\u0131ndan biri<\/strong> olarak \u00f6ne \u00e7\u0131kt\u0131.<\/p>\n<p>Turnuva boyunca:<\/p>\n<ul>\n<li>Toplam 64 tak\u0131m ve 128 sporcu m\u00fccadele etti<\/li>\n<li>Bir\u00e7ok \u00fclkeden profesyonel sporcular Alanya\u2019da bulu\u015ftu<\/li>\n<li>Kar\u015f\u0131la\u015fmalar ulusal ve dijital platformlarda canl\u0131 yay\u0131nland\u0131<\/li>\n<\/ul>\n<p>&#x1f449; Bu da Alanya\u2019n\u0131n art\u0131k sadece tesis kuran de\u011fil,<br \/>\n<strong>bu tesisleri aktif ve uluslararas\u0131 d\u00fczeyde kullanan bir \u015fehir oldu\u011funu kan\u0131tlad\u0131.<\/strong><\/p>\n<p>&#8212;<\/p>\n<p><!-- &#x1f3a5; VIDEO 1 --><\/p>\n<div style=\"margin: 30px 0;text-align: center\">\n<p style=\"font-size: 14px;color: #555\">&#x1f3c6; Anna De\u011firmenci &amp; Adelya Akhmetova \u2013 Final Ma\u00e7\u0131<\/p>\n<\/div>\n<p><iframe loading=\"lazy\" title=\"\ud83c\udfc6 \u015eampiyonluk An\u0131! Anna De\u011firmenci &amp; Adelya Akhmetova Final Ma\u00e7\u0131 | Alanya 2026 #Shorts\" width=\"422\" height=\"750\" src=\"https:\/\/www.youtube.com\/embed\/dASj73FaF9A?feature=oembed\" frameborder=\"0\" allow=\"accelerometer; autoplay; clipboard-write; encrypted-media; gyroscope; picture-in-picture; web-share\" referrerpolicy=\"strict-origin-when-cross-origin\" allowfullscreen><\/iframe><br \/>\n&#8212;<\/p>\n<h3 style=\"color: #2c3e50\">&#x1f3c6; 2026 \u015eampiyonlar\u0131<\/h3>\n<p>Final g\u00fcn\u00fcnde olduk\u00e7a y\u00fcksek tempolu ve \u00e7eki\u015fmeli ma\u00e7lar oynand\u0131.<\/p>\n<p><strong>Kad\u0131nlar:<\/strong><\/p>\n<ul>\n<li>&#x1f947; Anna De\u011firmenci \/ Adelya Akhmetova<\/li>\n<li>&#x1f948; Michaela Brinkova \/ Barbora Rudicka<\/li>\n<li>&#x1f949; Yaren Sencel \/ Merve \u00c7elebi<\/li>\n<\/ul>\n<p><strong>Erkekler:<\/strong><\/p>\n<ul>\n<li>&#x1f947; Sacit Kurt \/ Tuna \u0130mdat<\/li>\n<li>&#x1f948; Yusuf \u00d6zdemir \/ Batuhan Kuru<\/li>\n<li>&#x1f949; Dimitar Kalchev \/ Dimitar Mehandzhiyski<\/li>\n<\/ul>\n<p>Ayr\u0131ca MVP \u00f6d\u00fclleri:<\/p>\n<ul>\n<li>&#x1f3c5; Kad\u0131nlar: Anna De\u011firmenci<\/li>\n<li>&#x1f3c5; Erkekler: Sacit Kurt<\/li>\n<\/ul>\n<p>&#x1f449; Final sonu\u00e7lar\u0131, organizasyonun hem sportif kalite hem de rekabet seviyesi a\u00e7\u0131s\u0131ndan ne kadar \u00fcst d\u00fczey oldu\u011funu a\u00e7\u0131k\u00e7a ortaya koydu.<\/p>\n<p>&#8212;<\/p>\n<p><!-- &#x1f3a5; VIDEO 3 --><\/p>\n<div style=\"margin: 30px 0;text-align: center\">\n<p style=\"font-size: 14px;color: #555\">&#x1f949; Yaren Sencel &amp; Merve \u00c7elebi \u2013 3.\u2019l\u00fck Ma\u00e7\u0131<\/p>\n<\/div>\n<p><iframe loading=\"lazy\" title=\"Yaren Sencel &amp; Merve \u00c7elebi 3.\u2019l\u00fck Ma\u00e7\u0131 | Alanya 2026 \ud83c\udfd0\ud83d\udd25 #alanya\" width=\"422\" height=\"750\" src=\"https:\/\/www.youtube.com\/embed\/dyWMxwarGaY?feature=oembed\" frameborder=\"0\" allow=\"accelerometer; autoplay; clipboard-write; encrypted-media; gyroscope; picture-in-picture; web-share\" referrerpolicy=\"strict-origin-when-cross-origin\" allowfullscreen><\/iframe><br \/>\n&#8212;<\/p>\n<h3 style=\"color: #2c3e50\">&#x1f3a5; Sahadan Notlar<\/h3>\n<p>Turnuvay\u0131 yerinde izledi\u011fimde en dikkat \u00e7eken \u015fey \u015fuydu:<\/p>\n<p><strong>Atmosfer ger\u00e7ekten uluslararas\u0131 seviyedeydi.<\/strong><\/p>\n<p>Trib\u00fcnler doluydu, ma\u00e7lar y\u00fcksek tempoda ve ciddi rekabet i\u00e7inde ge\u00e7ti.<br \/>\nBu da Alanya\u2019n\u0131n bu seviyedeki organizasyonlar\u0131 s\u00fcrd\u00fcr\u00fclebilir \u015fekilde yapabilece\u011fini net olarak g\u00f6steriyor.<\/p>\n<p>&#8212;<\/p>\n<p><!-- &#x1f3a5; VIDEO 2 --><\/p>\n<div style=\"margin: 30px 0;text-align: center\">\n<p style=\"font-size: 14px;color: #555\">&#x1f334; Genel Organizasyon Atmosferi<\/p>\n<\/div>\n<p><iframe loading=\"lazy\" title=\"\ud83c\udfd0 Alanya\u2019da Spor \u015e\u00f6leni! Pro Beach Tour 2026 Turnuva Atmosferi | #Shorts\" width=\"422\" height=\"750\" src=\"https:\/\/www.youtube.com\/embed\/2vwke2WjBas?feature=oembed\" frameborder=\"0\" allow=\"accelerometer; autoplay; clipboard-write; encrypted-media; gyroscope; picture-in-picture; web-share\" referrerpolicy=\"strict-origin-when-cross-origin\" allowfullscreen><\/iframe><br \/>\n&#8212;<\/p>\n<h2 style=\"color: #2c3e50\">&#x1f4c5; 2026 Alanya Spor Takvimi (\u00d6ne \u00c7\u0131kan Organizasyonlar)<\/h2>\n<p>Bu turnuva asl\u0131nda sezonun sadece ba\u015flang\u0131c\u0131.<\/p>\n<p>2026 y\u0131l\u0131 i\u00e7erisinde Alanya\u2019da d\u00fczenlenecek organizasyonlardan baz\u0131lar\u0131:<\/p>\n<ul>\n<li>&#x1f4cd; 9\u201311 May\u0131s: Alanya Cup Open International<\/li>\n<li>&#x1f4cd; 5\u20137 Haziran: CEV Beach Volleyball Nations Cup (Alanya)<\/li>\n<li>&#x1f4cd; 10\u201314 Haziran: FIVB Beach Pro Tour Alanya Challenge<\/li>\n<li>&#x1f4cd; 12\u201314 Haziran: Alanya Masters World Cup<\/li>\n<li>&#x1f4cd; 15\u201318 Ekim: FIVB Beach Pro Tour Alanya Futures<\/li>\n<\/ul>\n<p>&#x1f449; Alanya art\u0131k global spor takviminde s\u00fcrekli yer alan bir \u015fehir.<\/p>\n<p>&#8212;<\/p>\n<h2 style=\"color: #2c3e50\">&#x1f3e1; Gayrimenkul ve Yat\u0131r\u0131m A\u00e7\u0131s\u0131ndan Ger\u00e7ek<\/h2>\n<p>Bu geli\u015fmeler do\u011frudan \u015funu etkiler:<\/p>\n<ul>\n<li>Konut talebi artar<\/li>\n<li>Kira getirisi y\u0131l geneline yay\u0131l\u0131r<\/li>\n<li>Yabanc\u0131 yat\u0131r\u0131mc\u0131 ilgisi g\u00fc\u00e7lenir<\/li>\n<\/ul>\n<p>&#x1f449; \u00c7\u00fcnk\u00fc art\u0131k Alanya\u2019da talep sezonluk de\u011fil,<br \/>\n<strong>s\u00fcrekli hale gelmi\u015ftir.<\/strong><\/p>\n<p>&#8212;<\/p>\n<p><!-- FOTO --><\/p>\n<div style=\"text-align: center;margin: 40px 0\">\n<p><img decoding=\"async\" style=\"width: 180px;height: 180px;object-fit: cover;border-radius: 50%;border: 4px solid #2980b9\" src=\"https:\/\/daisyhomesalanya.com\/wp-content\/uploads\/2025\/12\/WhatsApp-Image-2025-08-18-at-11.20.22-original.jpeg\" \/><\/p>\n<p style=\"margin-top: 10px;font-weight: bold\">HASAN \u00c7\u0130\u00c7EK | Daisy Homes Alanya<\/p>\n<p style=\"font-style: italic;color: #555\">\u201cGeli\u015fen \u015fehirler, yat\u0131r\u0131m f\u0131rsatlar\u0131n\u0131 beraberinde getirir.\u201d<\/p>\n<\/div>\n<p><!-- CTA --><\/p>\n<div style=\"text-align: center;background: #eef6fb;padding: 35px;border-radius: 20px;border: 1px solid #2980b9\">\n<p style=\"font-weight: bold;font-size: 20px\">Alanya\u2019daki G\u00fcncel Yat\u0131r\u0131m F\u0131rsatlar\u0131n\u0131 Ka\u00e7\u0131rmay\u0131n<\/p>\n<p><a style=\"background-color: #25d366;color: #fff;padding: 18px 40px;border-radius: 12px;font-size: 18px;font-weight: bold;text-decoration: none\" href=\"https:\/\/wa.me\/905303508366\"><br \/>\n&#x1f4ac; WhatsApp\u2019tan Bilgi Al<br \/>\n<\/a><\/p>\n<div style=\"margin-top: 20px;font-size: 18px\">&#x1f4de; +90 530 350 83 66<\/div>\n<\/div>\n<\/div>\n<p><\/p>","protected":false},"excerpt":{"rendered":"<p>Alanya\u2019da Sporun Yeni Sahnesi: Bioderma Pro Beach Tour &#x1f3d0; 17\u201319 N\u0130SAN 2026 \u2022 ULUSLARARASI PLAJ VOLEYBOLU TURNUVASI Alanya son y\u0131llarda sadece turizmde de\u011fil, spor alan\u0131nda da ciddi bir d\u00f6n\u00fc\u015f\u00fcm ya\u015f\u0131yor. Bu d\u00f6n\u00fc\u015f\u00fcm\u00fcn merkezinde ise Alanya Uluslararas\u0131 Plaj Sporlar\u0131 Merkezi yer al\u0131yor. 2025 y\u0131l\u0131nda Euro d\u00fczeyindeki organizasyonlara ev sahipli\u011fi yapabilecek \u015fekilde kurulan bu tesis, k\u0131sa s\u00fcrede [&hellip;]<\/p>\n","protected":false},"author":28,"featured_media":47587,"comment_status":"closed","ping_status":"closed","sticky":false,"template":"","format":"standard","meta":{"inline_featured_image":false,"footnotes":""},"categories":[110,114,767],"tags":[1148,1147,1141,1157,1143,1152,1155,1150,1156,1154,1146,1151,1142,1145,1153,1149,1144],"class_list":["post-47586","post","type-post","status-publish","format-standard","has-post-thumbnail","hentry","category-about-alanya","category-about-turkey","category-alanya","tag-alanyasports","tag-beachsports","tag-beachvolleyball","tag-beachvolleyballchampions","tag-beachvolleyballtour","tag-championship","tag-elitesports","tag-fivb","tag-globalsports","tag-internationalevent","tag-internationaltournament","tag-livesports","tag-probeachtour","tag-sportsevent","tag-sportsfestival","tag-sporttourism","tag-volleyballlife"],"_links":{"self":[{"href":"https:\/\/daisyhomesalanya.com\/tr\/wp-json\/wp\/v2\/posts\/47586","targetHints":{"allow":["GET"]}}],"collection":[{"href":"https:\/\/daisyhomesalanya.com\/tr\/wp-json\/wp\/v2\/posts"}],"about":[{"href":"https:\/\/daisyhomesalanya.com\/tr\/wp-json\/wp\/v2\/types\/post"}],"author":[{"embeddable":true,"href":"https:\/\/daisyhomesalanya.com\/tr\/wp-json\/wp\/v2\/users\/28"}],"replies":[{"embeddable":true,"href":"https:\/\/daisyhomesalanya.com\/tr\/wp-json\/wp\/v2\/comments?post=47586"}],"version-history":[{"count":3,"href":"https:\/\/daisyhomesalanya.com\/tr\/wp-json\/wp\/v2\/posts\/47586\/revisions"}],"predecessor-version":[{"id":47750,"href":"https:\/\/daisyhomesalanya.com\/tr\/wp-json\/wp\/v2\/posts\/47586\/revisions\/47750"}],"wp:featuredmedia":[{"embeddable":true,"href":"https:\/\/daisyhomesalanya.com\/tr\/wp-json\/wp\/v2\/media\/47587"}],"wp:attachment":[{"href":"https:\/\/daisyhomesalanya.com\/tr\/wp-json\/wp\/v2\/media?parent=47586"}],"wp:term":[{"taxonomy":"category","embeddable":true,"href":"https:\/\/daisyhomesalanya.com\/tr\/wp-json\/wp\/v2\/categories?post=47586"},{"taxonomy":"post_tag","embeddable":true,"href":"https:\/\/daisyhomesalanya.com\/tr\/wp-json\/wp\/v2\/tags?post=47586"}],"curies":[{"name":"wp","href":"https:\/\/api.w.org\/{rel}","templated":true}]}}